{"id":3136,"date":"2024-01-16T15:03:19","date_gmt":"2024-01-16T14:03:19","guid":{"rendered":"https:\/\/giriczvera.hu\/?p=3136"},"modified":"2024-12-11T19:15:33","modified_gmt":"2024-12-11T18:15:33","slug":"nemzeti-fenntarthato-fejlodesi-tanacs-2023-12-07-plenaris-ulese","status":"publish","type":"post","link":"https:\/\/giriczvera.hu\/ru\/nemzeti-fenntarthato-fejlodesi-tanacs-2023-12-07-plenaris-ulese\/","title":{"rendered":"\u041d\u0430\u0446\u0456\u043e\u043d\u0430\u043b\u043d\u044b\u0439 \u0441\u043e\u0432\u0456\u0442 \u0435\u043a\u043e\u043b\u043e\u0491\u0456\u0447\u043d\u043e\u0433\u043e \u0440\u043e\u0437\u0432\u043e\u044f\n\u043f\u043b\u0435\u043d\u0430\u0440\u043d\u043e\u0454 \u0437\u0430\u0441\u0457\u0434\u0430\u043d\u044f 7-\u0433\u043e \u0434\u0435\u0446\u0435\u043c\u0431\u0440\u0430 2023."},"content":{"rendered":"<p><strong>\u041f\u043e\u0432\u0456\u0441\u0442\u043a\u0430 \u0434\u043d\u044f:<\/strong> <br>1) \u0406\u043d\u0444\u043e\u0440\u043c\u043e\u0432\u0430\u043d\u044f \u0437\u0430 \u0430\u043a\u0442\u0443\u0430\u043b\u043d\u0457 \u043f\u0440\u043e\u0446\u0435\u0441\u044b \u0441\u043e\u0437\u0434\u0430\u043d\u044f \u0437\u0430\u043a\u043e\u043d\u043e\u0434\u0430\u0432\u0441\u0442\u0432\u0430 <br>\u0412\u044b\u0441\u0442\u0443\u043f\u0430\u0432\u0443\u0447\u0457: \u0414\u0440. \u0410\u043d\u0456\u043a\u043e \u0420\u0430\u0439\u0441, \u0434\u0435\u0440\u0436\u0441\u0435\u043a\u0440\u0435\u0442\u0430\u0440\u044c (\u041c\u0456\u043d\u0456\u0441\u0442\u0435\u0440\u0456\u044f \u0435\u043d\u0435\u0440\u0491\u0435\u0442\u0438\u043a\u0438), \u0441\u043e\u043f\u0440\u0435\u0434\u0441\u0457\u0434\u0430\u0442\u0435\u043b\u044c \u0421\u043e\u0432\u0456\u0442\u0430. <br>2) \u041f\u0440\u0438\u043d\u044f\u0442\u044f \u043f\u044f\u0442\u043e\u0433\u043e \u0437\u0432\u0456\u0442\u0430 \u0437\u0430 \u043f\u0440\u043e\u0433\u0440\u0435\u0441 \u041d\u0430\u0446\u0456\u043e\u043d\u0430\u043b\u043d\u0443\u0439 \u043a\u0435\u0440\u0435\u0442\u043e\u0432\u0443\u0439 \u0441\u0442\u0440\u0430\u0442\u0435\u0491\u0456\u0457 \u0435\u043a\u043e\u043b\u043e\u0491\u0456\u0447\u043d\u043e\u0433\u043e \u0440\u043e\u0437\u0432\u043e\u044f. (\u0420\u0456\u0448\u0435\u043d\u044f \u0431\u0435\u0437 \u0434\u0435\u0431\u0430\u0442\u0443\u0432). <br>3) \u0417\u043d\u0430\u0447\u0435\u043d\u044f \u00ab\u0437\u0435\u043b\u0435\u043d\u044b\u0445\u00bb \u0434\u0435\u0440\u0436\u0430\u0432\u043d\u044b\u0445 \u0437\u0430\u043a\u0443\u043f\u043e\u043a \u0438 \u0437\u0430\u0434\u0430\u0447\u0457 \u0440\u0435\u0430\u043b\u0456\u0437\u0430\u0446\u0457\u0457 \u0441\u043e\u043e\u0442\u0432\u0456\u0442\u0441\u0442\u0432\u0435\u043d\u0443\u0439 \u0441\u0442\u0440\u0430\u0442\u0435\u0491\u0456\u0457 (\u0406\u043d\u0444\u043e\u0440\u043c\u043e\u0432\u0430\u043d\u044f \u0438 \u0434\u0435\u0431\u0430\u0442\u044b).<br>\u0412\u044b\u0441\u0442\u0443\u043f\u0430\u0432\u0443\u0447\u0457: \u0414\u0440. \u041b\u0430\u0441\u043b\u043e \u041a\u043e\u0432\u0430\u0447, \u043f\u0440\u0435\u0434\u0441\u0457\u0434\u0430\u0442\u0435\u043b\u044c \u041e\u0440\u0491\u0430\u043d\u0430 \u0437\u0430 \u0434\u0435\u0440\u0436\u0430\u0432\u043d\u0457 \u0437\u0430\u043a\u0443\u043f\u043a\u044b. <br>\u0421\u0442\u0440\u0430\u0442\u0435\u0491\u0456\u044f \u0441\u043e\u0434\u0435\u0440\u0436\u0438\u0442\u044c \u0441\u044f \u0443 \u041f\u043e\u0441\u0442\u0430\u043d\u043e\u0432\u0456 \u0423\u0440\u044f\u0434\u0430 1646\/2022. (XII. 22.). <br>4) \u041e\u0431\u0433\u043e\u0432\u043e\u0440\u0435\u043d\u044f \u043a\u043e\u043d\u0446\u0435\u043f\u0446\u0456\u0457 \u0434\u0440\u0443\u0433\u0443\u0439 \u043d\u0430\u0446\u0456\u043e\u043d\u0430\u043b\u043d\u0443\u0439 \u043a\u0435\u0440\u0435\u0442\u043e\u0432\u0443\u0439 \u0441\u0442\u0440\u0430\u0442\u0435\u0491\u0456\u0457 \u0435\u043a\u043e\u043b\u043e\u0491\u0456\u0447\u043d\u043e\u0433\u043e \u0440\u043e\u0437\u0432\u043e\u044f.<br>\u0414\u0435\u0431\u0430\u0442\u044b \u0437\u0430\u0447\u0430\u0432 \u0490\u0430\u0431\u043e\u0440 \u0411\u0430\u0440\u0442\u0443\u0448, \u0441\u0435\u043a\u0440\u0435\u0442\u0430\u0440 \u0421\u043e\u0432\u0456\u0442\u0430.<br>5) \u0418\u043d\u0448\u0430\u043a\u043e\u0454.<\/p>","protected":false},"excerpt":{"rendered":"<p>Napirend: 1) T\u00e1j\u00e9koztat\u00e1s aktu\u00e1lis Eur\u00f3pai Uni\u00f3s jog- \u00e9s strat\u00e9giaalkot\u00e1si folyamatokr\u00f3l. T\u00e1j\u00e9koztat\u00e1st ad: Dr. Raisz Anik\u00f3 \u00e1llamtitk\u00e1r (Energia\u00fcgyi Miniszt\u00e9rium), a Tan\u00e1cs t\u00e1rseln\u00f6ke. 2) A Nemzeti Fenntarthat\u00f3 Fejl\u0151d\u00e9si Keretstrat\u00e9gia \u00f6t\u00f6dik el\u0151rehalad\u00e1si jelent\u00e9s\u00e9nek elfogad\u00e1sa (d\u00f6nt\u00e9s vita n\u00e9lk\u00fcl). 3) A z\u00f6ld k\u00f6zbeszerz\u00e9sek jelent\u0151s\u00e9ge \u00e9s az erre vonatkoz\u00f3 strat\u00e9gia megval\u00f3s\u00edt\u00e1s\u00e1nak feladatai (t\u00e1j\u00e9koztat\u00f3 \u00e9s vita).El\u0151ad\u00f3: Dr. Kov\u00e1cs L\u00e1szl\u00f3 PhD, a K\u00f6zbeszerz\u00e9si [&hellip;]<\/p>","protected":false},"author":2,"featured_media":0,"comment_status":"closed","ping_status":"open","sticky":false,"template":"","format":"standard","meta":{"footnotes":""},"categories":[11],"tags":[],"class_list":["post-3136","post","type-post","status-publish","format-standard","hentry","category-nemzeti-fenntarthato-fejlodes-tanacsa-nfft"],"yoast_head":"<!-- This site is optimized with the Yoast SEO plugin v25.8 - https:\/\/yoast.com\/wordpress\/plugins\/seo\/ -->\n<title>Nemzeti Fenntarthat\u00f3 Fejl\u0151d\u00e9s Tan\u00e1csa 2023. 12. 07. plen\u00e1ris \u00fcl\u00e9se - GIRICZ VERA<\/title>\n<meta name=\"robots\" content=\"index, follow, max-snippet:-1, max-image-preview:large, max-video-preview:-1\" \/>\n<link rel=\"canonical\" href=\"https:\/\/giriczvera.hu\/ru\/nemzeti-fenntarthato-fejlodesi-tanacs-2023-12-07-plenaris-ulese\/\" \/>\n<meta property=\"og:locale\" content=\"ru_RU\" \/>\n<meta property=\"og:type\" content=\"article\" \/>\n<meta property=\"og:title\" content=\"Nemzeti Fenntarthat\u00f3 Fejl\u0151d\u00e9s Tan\u00e1csa 2023. 12. 07. plen\u00e1ris \u00fcl\u00e9se - GIRICZ VERA\" \/>\n<meta property=\"og:description\" content=\"Napirend: 1) T\u00e1j\u00e9koztat\u00e1s aktu\u00e1lis Eur\u00f3pai Uni\u00f3s jog- \u00e9s strat\u00e9giaalkot\u00e1si folyamatokr\u00f3l. T\u00e1j\u00e9koztat\u00e1st ad: Dr. Raisz Anik\u00f3 \u00e1llamtitk\u00e1r (Energia\u00fcgyi Miniszt\u00e9rium), a Tan\u00e1cs t\u00e1rseln\u00f6ke. 2) A Nemzeti Fenntarthat\u00f3 Fejl\u0151d\u00e9si Keretstrat\u00e9gia \u00f6t\u00f6dik el\u0151rehalad\u00e1si jelent\u00e9s\u00e9nek elfogad\u00e1sa (d\u00f6nt\u00e9s vita n\u00e9lk\u00fcl). 3) A z\u00f6ld k\u00f6zbeszerz\u00e9sek jelent\u0151s\u00e9ge \u00e9s az erre vonatkoz\u00f3 strat\u00e9gia megval\u00f3s\u00edt\u00e1s\u00e1nak feladatai (t\u00e1j\u00e9koztat\u00f3 \u00e9s vita).El\u0151ad\u00f3: Dr. Kov\u00e1cs L\u00e1szl\u00f3 PhD, a K\u00f6zbeszerz\u00e9si [&hellip;]\" \/>\n<meta property=\"og:url\" content=\"https:\/\/giriczvera.hu\/ru\/nemzeti-fenntarthato-fejlodesi-tanacs-2023-12-07-plenaris-ulese\/\" \/>\n<meta property=\"og:site_name\" content=\"GIRICZ VERA\" \/>\n<meta property=\"article:published_time\" content=\"2024-01-16T14:03:19+00:00\" \/>\n<meta property=\"article:modified_time\" content=\"2024-12-11T18:15:33+00:00\" \/>\n<meta name=\"author\" content=\"csala karoly\" \/>\n<meta name=\"twitter:card\" content=\"summary_large_image\" \/>\n<meta name=\"twitter:label1\" content=\"\u041d\u0430\u043f\u0438\u0441\u0430\u043d\u043e \u0430\u0432\u0442\u043e\u0440\u043e\u043c\" \/>\n\t<meta name=\"twitter:data1\" content=\"csala karoly\" \/>\n\t<meta name=\"twitter:label2\" content=\"\u041f\u0440\u0438\u043c\u0435\u0440\u043d\u043e\u0435 \u0432\u0440\u0435\u043c\u044f \u0434\u043b\u044f \u0447\u0442\u0435\u043d\u0438\u044f\" \/>\n\t<meta name=\"twitter:data2\" content=\"1 \u043c\u0438\u043d\u0443\u0442\u0430\" \/>\n<script type=\"application\/ld+json\" class=\"yoast-schema-graph\">{\"@context\":\"https:\/\/schema.org\",\"@graph\":[{\"@type\":\"WebPage\",\"@id\":\"https:\/\/giriczvera.hu\/nemzeti-fenntarthato-fejlodesi-tanacs-2023-12-07-plenaris-ulese\/\",\"url\":\"https:\/\/giriczvera.hu\/nemzeti-fenntarthato-fejlodesi-tanacs-2023-12-07-plenaris-ulese\/\",\"name\":\"Nemzeti Fenntarthat\u00f3 Fejl\u0151d\u00e9s Tan\u00e1csa 2023. 12. 07. plen\u00e1ris \u00fcl\u00e9se - GIRICZ VERA\",\"isPartOf\":{\"@id\":\"https:\/\/giriczvera.hu\/#website\"},\"datePublished\":\"2024-01-16T14:03:19+00:00\",\"dateModified\":\"2024-12-11T18:15:33+00:00\",\"author\":{\"@id\":\"https:\/\/giriczvera.hu\/#\/schema\/person\/3f76519fa7de7cfa3fb8e6585f9f714e\"},\"breadcrumb\":{\"@id\":\"https:\/\/giriczvera.hu\/nemzeti-fenntarthato-fejlodesi-tanacs-2023-12-07-plenaris-ulese\/#breadcrumb\"},\"inLanguage\":\"ru-RU\",\"potentialAction\":[{\"@type\":\"ReadAction\",\"target\":[\"https:\/\/giriczvera.hu\/nemzeti-fenntarthato-fejlodesi-tanacs-2023-12-07-plenaris-ulese\/\"]}]},{\"@type\":\"BreadcrumbList\",\"@id\":\"https:\/\/giriczvera.hu\/nemzeti-fenntarthato-fejlodesi-tanacs-2023-12-07-plenaris-ulese\/#breadcrumb\",\"itemListElement\":[{\"@type\":\"ListItem\",\"position\":1,\"name\":\"Kezd\u0151lap\",\"item\":\"https:\/\/giriczvera.hu\/\"},{\"@type\":\"ListItem\",\"position\":2,\"name\":\"Nemzeti Fenntarthat\u00f3 Fejl\u0151d\u00e9s Tan\u00e1csa 2023. 12. 07. plen\u00e1ris \u00fcl\u00e9se\"}]},{\"@type\":\"WebSite\",\"@id\":\"https:\/\/giriczvera.hu\/#website\",\"url\":\"https:\/\/giriczvera.hu\/\",\"name\":\"GIRICZ VERA\",\"description\":\"ruszin nemzetis\u00e9gi sz\u00f3sz\u00f3l\u00f3\",\"potentialAction\":[{\"@type\":\"SearchAction\",\"target\":{\"@type\":\"EntryPoint\",\"urlTemplate\":\"https:\/\/giriczvera.hu\/?s={search_term_string}\"},\"query-input\":{\"@type\":\"PropertyValueSpecification\",\"valueRequired\":true,\"valueName\":\"search_term_string\"}}],\"inLanguage\":\"ru-RU\"},{\"@type\":\"Person\",\"@id\":\"https:\/\/giriczvera.hu\/#\/schema\/person\/3f76519fa7de7cfa3fb8e6585f9f714e\",\"name\":\"csala karoly\",\"sameAs\":[\"http:\/\/giriczvera.hu\"],\"url\":\"https:\/\/giriczvera.hu\/ru\/author\/karoly\/\"}]}<\/script>\n<!-- \/ Yoast SEO plugin. -->","yoast_head_json":{"title":"Nemzeti Fenntarthat\u00f3 Fejl\u0151d\u00e9s Tan\u00e1csa 2023. 12. 07. plen\u00e1ris \u00fcl\u00e9se - GIRICZ VERA","robots":{"index":"index","follow":"follow","max-snippet":"max-snippet:-1","max-image-preview":"max-image-preview:large","max-video-preview":"max-video-preview:-1"},"canonical":"https:\/\/giriczvera.hu\/ru\/nemzeti-fenntarthato-fejlodesi-tanacs-2023-12-07-plenaris-ulese\/","og_locale":"ru_RU","og_type":"article","og_title":"Nemzeti Fenntarthat\u00f3 Fejl\u0151d\u00e9s Tan\u00e1csa 2023. 12. 07. plen\u00e1ris \u00fcl\u00e9se - GIRICZ VERA","og_description":"Napirend: 1) T\u00e1j\u00e9koztat\u00e1s aktu\u00e1lis Eur\u00f3pai Uni\u00f3s jog- \u00e9s strat\u00e9giaalkot\u00e1si folyamatokr\u00f3l. T\u00e1j\u00e9koztat\u00e1st ad: Dr. Raisz Anik\u00f3 \u00e1llamtitk\u00e1r (Energia\u00fcgyi Miniszt\u00e9rium), a Tan\u00e1cs t\u00e1rseln\u00f6ke. 2) A Nemzeti Fenntarthat\u00f3 Fejl\u0151d\u00e9si Keretstrat\u00e9gia \u00f6t\u00f6dik el\u0151rehalad\u00e1si jelent\u00e9s\u00e9nek elfogad\u00e1sa (d\u00f6nt\u00e9s vita n\u00e9lk\u00fcl). 3) A z\u00f6ld k\u00f6zbeszerz\u00e9sek jelent\u0151s\u00e9ge \u00e9s az erre vonatkoz\u00f3 strat\u00e9gia megval\u00f3s\u00edt\u00e1s\u00e1nak feladatai (t\u00e1j\u00e9koztat\u00f3 \u00e9s vita).El\u0151ad\u00f3: Dr. Kov\u00e1cs L\u00e1szl\u00f3 PhD, a K\u00f6zbeszerz\u00e9si [&hellip;]","og_url":"https:\/\/giriczvera.hu\/ru\/nemzeti-fenntarthato-fejlodesi-tanacs-2023-12-07-plenaris-ulese\/","og_site_name":"GIRICZ VERA","article_published_time":"2024-01-16T14:03:19+00:00","article_modified_time":"2024-12-11T18:15:33+00:00","author":"csala karoly","twitter_card":"summary_large_image","twitter_misc":{"\u041d\u0430\u043f\u0438\u0441\u0430\u043d\u043e \u0430\u0432\u0442\u043e\u0440\u043e\u043c":"csala karoly","\u041f\u0440\u0438\u043c\u0435\u0440\u043d\u043e\u0435 \u0432\u0440\u0435\u043c\u044f \u0434\u043b\u044f \u0447\u0442\u0435\u043d\u0438\u044f":"1 \u043c\u0438\u043d\u0443\u0442\u0430"},"schema":{"@context":"https:\/\/schema.org","@graph":[{"@type":"WebPage","@id":"https:\/\/giriczvera.hu\/nemzeti-fenntarthato-fejlodesi-tanacs-2023-12-07-plenaris-ulese\/","url":"https:\/\/giriczvera.hu\/nemzeti-fenntarthato-fejlodesi-tanacs-2023-12-07-plenaris-ulese\/","name":"Nemzeti Fenntarthat\u00f3 Fejl\u0151d\u00e9s Tan\u00e1csa 2023. 12. 07. plen\u00e1ris \u00fcl\u00e9se - GIRICZ VERA","isPartOf":{"@id":"https:\/\/giriczvera.hu\/#website"},"datePublished":"2024-01-16T14:03:19+00:00","dateModified":"2024-12-11T18:15:33+00:00","author":{"@id":"https:\/\/giriczvera.hu\/#\/schema\/person\/3f76519fa7de7cfa3fb8e6585f9f714e"},"breadcrumb":{"@id":"https:\/\/giriczvera.hu\/nemzeti-fenntarthato-fejlodesi-tanacs-2023-12-07-plenaris-ulese\/#breadcrumb"},"inLanguage":"ru-RU","potentialAction":[{"@type":"ReadAction","target":["https:\/\/giriczvera.hu\/nemzeti-fenntarthato-fejlodesi-tanacs-2023-12-07-plenaris-ulese\/"]}]},{"@type":"BreadcrumbList","@id":"https:\/\/giriczvera.hu\/nemzeti-fenntarthato-fejlodesi-tanacs-2023-12-07-plenaris-ulese\/#breadcrumb","itemListElement":[{"@type":"ListItem","position":1,"name":"Kezd\u0151lap","item":"https:\/\/giriczvera.hu\/"},{"@type":"ListItem","position":2,"name":"Nemzeti Fenntarthat\u00f3 Fejl\u0151d\u00e9s Tan\u00e1csa 2023. 12. 07. plen\u00e1ris \u00fcl\u00e9se"}]},{"@type":"WebSite","@id":"https:\/\/giriczvera.hu\/#website","url":"https:\/\/giriczvera.hu\/","name":"\u0412\u0406\u0420\u0410 \u0490\u0406\u0420\u0406\u0426","description":"\u043f\u043e\u0441\u043b\u0430\u043d\u0438\u043a \u0420\u0443\u0441\u0438\u043d\u0443\u0432 \u0443 \u041f\u0430\u0440\u043b\u0430\u043c\u0435\u043d\u0442\u0457","potentialAction":[{"@type":"SearchAction","target":{"@type":"EntryPoint","urlTemplate":"https:\/\/giriczvera.hu\/?s={search_term_string}"},"query-input":{"@type":"PropertyValueSpecification","valueRequired":true,"valueName":"search_term_string"}}],"inLanguage":"ru-RU"},{"@type":"Person","@id":"https:\/\/giriczvera.hu\/#\/schema\/person\/3f76519fa7de7cfa3fb8e6585f9f714e","name":"csala karoly","sameAs":["http:\/\/giriczvera.hu"],"url":"https:\/\/giriczvera.hu\/ru\/author\/karoly\/"}]}},"_links":{"self":[{"href":"https:\/\/giriczvera.hu\/ru\/wp-json\/wp\/v2\/posts\/3136","targetHints":{"allow":["GET"]}}],"collection":[{"href":"https:\/\/giriczvera.hu\/ru\/wp-json\/wp\/v2\/posts"}],"about":[{"href":"https:\/\/giriczvera.hu\/ru\/wp-json\/wp\/v2\/types\/post"}],"author":[{"embeddable":true,"href":"https:\/\/giriczvera.hu\/ru\/wp-json\/wp\/v2\/users\/2"}],"replies":[{"embeddable":true,"href":"https:\/\/giriczvera.hu\/ru\/wp-json\/wp\/v2\/comments?post=3136"}],"version-history":[{"count":8,"href":"https:\/\/giriczvera.hu\/ru\/wp-json\/wp\/v2\/posts\/3136\/revisions"}],"predecessor-version":[{"id":3567,"href":"https:\/\/giriczvera.hu\/ru\/wp-json\/wp\/v2\/posts\/3136\/revisions\/3567"}],"wp:attachment":[{"href":"https:\/\/giriczvera.hu\/ru\/wp-json\/wp\/v2\/media?parent=3136"}],"wp:term":[{"taxonomy":"category","embeddable":true,"href":"https:\/\/giriczvera.hu\/ru\/wp-json\/wp\/v2\/categories?post=3136"},{"taxonomy":"post_tag","embeddable":true,"href":"https:\/\/giriczvera.hu\/ru\/wp-json\/wp\/v2\/tags?post=3136"}],"curies":[{"name":"wp","href":"https:\/\/api.w.org\/{rel}","templated":true}]}}