{"id":3131,"date":"2024-01-16T14:59:21","date_gmt":"2024-01-16T13:59:21","guid":{"rendered":"https:\/\/giriczvera.hu\/?p=3131"},"modified":"2024-12-11T20:08:37","modified_gmt":"2024-12-11T19:08:37","slug":"magyarorszagi-nemzetisegek-bizottsaga-2023-december-5-ulese","status":"publish","type":"post","link":"https:\/\/giriczvera.hu\/ru\/magyarorszagi-nemzetisegek-bizottsaga-2023-december-5-ulese\/","title":{"rendered":"Magyarorsz\u00e1gi Nemzetis\u00e9gek Bizotts\u00e1ga 2023.12.05."},"content":{"rendered":"<p><strong>\u041f\u043e\u0432\u0456\u0441\u0442\u043a\u0430 \u0434\u043d\u044f:<\/strong> <br>1). \u0420\u043e\u0447\u043d\u043e\u0454 \u0441\u043b\u0443\u0445\u0430\u043d\u044f \u042f\u043d\u043e\u0448\u0430 \u0427\u0430\u043a\u0430, \u043c\u0456\u043d\u0456\u0441\u0442\u0435\u0440\u0430 \u0437 \u0432\u043e\u043f\u0440\u043e\u0441\u0443\u0432 \u043a\u0443\u043b\u0442\u0443\u0440\u044b \u0438 \u0456\u043d\u043e\u0432\u0430\u0446\u0456\u0439.<br>(XXXVI. \u043f\u0430\u0440\u043b\u0430\u043c\u0435\u043d\u0442\u0441\u044c\u043a\u044b\u0439 \u0437\u0430\u043a\u043e\u043d 2012.\u0440., \u00a741.)<br><strong>\u041f\u0440\u0438\u0442\u043e\u043c\u043d\u0457:<\/strong> <br>\u0415\u0441\u0442\u0435\u0440 \u0412\u0456\u0442\u0430\u043b\u0451\u0448, \u0437\u0430\u043c\u0456\u0441\u0442\u0438\u0442\u0435\u043b\u044c \u043c\u0456\u043d\u0456\u0441\u0442\u0435\u0440\u0430, (\u041c\u0456\u043d\u0456\u0441\u0442\u0435\u0440\u0456\u044f \u041a\u0443\u043b\u0442\u0443\u0440\u044b \u0438 \u0406\u043d\u043e\u0432\u0430\u0446\u0456\u0439).<br>\u041c\u0430\u0491\u0434\u043e\u043b\u043d\u0430 \u0417\u0430\u0432\u0430\u0434\u044f\u043d, \u0434\u0435\u0440\u0436\u0441\u0435\u043a\u0440\u0435\u0442\u0430\u0440\u044c, (\u041c\u041a\u0406). <br>\u0414\u0440. \u0411\u0430\u043b\u0430\u0436 \u0413\u0430\u043d\u043a\u043e, \u0434\u0435\u0440\u0436\u0441\u0435\u043a\u0440\u0435\u0442\u0430\u0440\u044c, (\u041c\u041a\u0406). <\/p>\n\n\n\n<p>2. \u0418\u043d\u0448\u0430\u043a\u043e\u0454<\/p>","protected":false},"excerpt":{"rendered":"<p>Napirend: 1. Cs\u00e1k J\u00e1nos kult\u00far\u00e1\u00e9rt \u00e9s innov\u00e1ci\u00f3\u00e9rt felel\u0151s miniszter \u00e9ves meghallgat\u00e1sa.(Az Orsz\u00e1ggy\u0171l\u00e9sr\u0151l sz\u00f3l\u00f3 2012. \u00e9vi XXXVI. t\u00f6rv\u00e9ny 41. \u00a7-a alapj\u00e1n).Megjelent: Vit\u00e1lyos Eszter miniszterhelyettes, (Kultur\u00e1lis \u00e9s Innov\u00e1ci\u00f3s Miniszt\u00e9rium).Zavogy\u00e1n Magdolna \u00e1llamtitk\u00e1r, (KIM). Dr. Hank\u00f3 Bal\u00e1zs \u00e1llamtitk\u00e1r, (KIM). 2. Egyebek<\/p>","protected":false},"author":2,"featured_media":0,"comment_status":"closed","ping_status":"open","sticky":false,"template":"","format":"standard","meta":{"footnotes":""},"categories":[12],"tags":[],"class_list":["post-3131","post","type-post","status-publish","format-standard","hentry","category-az-orszaggyules-magyarorszagi-nemzetisegek-bizottsaga"],"yoast_head":"<!-- This site is optimized with the Yoast SEO plugin v25.8 - https:\/\/yoast.com\/wordpress\/plugins\/seo\/ -->\n<title>Magyarorsz\u00e1gi Nemzetis\u00e9gek Bizotts\u00e1ga 2023.12.05. - GIRICZ VERA<\/title>\n<meta name=\"robots\" content=\"index, follow, max-snippet:-1, max-image-preview:large, max-video-preview:-1\" \/>\n<link rel=\"canonical\" href=\"https:\/\/giriczvera.hu\/ru\/magyarorszagi-nemzetisegek-bizottsaga-2023-december-5-ulese\/\" \/>\n<meta property=\"og:locale\" content=\"ru_RU\" \/>\n<meta property=\"og:type\" content=\"article\" \/>\n<meta property=\"og:title\" content=\"Magyarorsz\u00e1gi Nemzetis\u00e9gek Bizotts\u00e1ga 2023.12.05. - GIRICZ VERA\" \/>\n<meta property=\"og:description\" content=\"Napirend: 1. Cs\u00e1k J\u00e1nos kult\u00far\u00e1\u00e9rt \u00e9s innov\u00e1ci\u00f3\u00e9rt felel\u0151s miniszter \u00e9ves meghallgat\u00e1sa.(Az Orsz\u00e1ggy\u0171l\u00e9sr\u0151l sz\u00f3l\u00f3 2012. \u00e9vi XXXVI. t\u00f6rv\u00e9ny 41. \u00a7-a alapj\u00e1n).Megjelent: Vit\u00e1lyos Eszter miniszterhelyettes, (Kultur\u00e1lis \u00e9s Innov\u00e1ci\u00f3s Miniszt\u00e9rium).Zavogy\u00e1n Magdolna \u00e1llamtitk\u00e1r, (KIM). Dr. Hank\u00f3 Bal\u00e1zs \u00e1llamtitk\u00e1r, (KIM). 2. Egyebek\" \/>\n<meta property=\"og:url\" content=\"https:\/\/giriczvera.hu\/ru\/magyarorszagi-nemzetisegek-bizottsaga-2023-december-5-ulese\/\" \/>\n<meta property=\"og:site_name\" content=\"GIRICZ VERA\" \/>\n<meta property=\"article:published_time\" content=\"2024-01-16T13:59:21+00:00\" \/>\n<meta property=\"article:modified_time\" content=\"2024-12-11T19:08:37+00:00\" \/>\n<meta name=\"author\" content=\"csala karoly\" \/>\n<meta name=\"twitter:card\" content=\"summary_large_image\" \/>\n<meta name=\"twitter:label1\" content=\"\u041d\u0430\u043f\u0438\u0441\u0430\u043d\u043e \u0430\u0432\u0442\u043e\u0440\u043e\u043c\" \/>\n\t<meta name=\"twitter:data1\" content=\"csala karoly\" \/>\n\t<meta name=\"twitter:label2\" content=\"\u041f\u0440\u0438\u043c\u0435\u0440\u043d\u043e\u0435 \u0432\u0440\u0435\u043c\u044f \u0434\u043b\u044f \u0447\u0442\u0435\u043d\u0438\u044f\" \/>\n\t<meta name=\"twitter:data2\" content=\"1 \u043c\u0438\u043d\u0443\u0442\u0430\" \/>\n<script type=\"application\/ld+json\" class=\"yoast-schema-graph\">{\"@context\":\"https:\/\/schema.org\",\"@graph\":[{\"@type\":\"WebPage\",\"@id\":\"https:\/\/giriczvera.hu\/magyarorszagi-nemzetisegek-bizottsaga-2023-december-5-ulese\/\",\"url\":\"https:\/\/giriczvera.hu\/magyarorszagi-nemzetisegek-bizottsaga-2023-december-5-ulese\/\",\"name\":\"Magyarorsz\u00e1gi Nemzetis\u00e9gek Bizotts\u00e1ga 2023.12.05. - GIRICZ VERA\",\"isPartOf\":{\"@id\":\"https:\/\/giriczvera.hu\/#website\"},\"datePublished\":\"2024-01-16T13:59:21+00:00\",\"dateModified\":\"2024-12-11T19:08:37+00:00\",\"author\":{\"@id\":\"https:\/\/giriczvera.hu\/#\/schema\/person\/3f76519fa7de7cfa3fb8e6585f9f714e\"},\"breadcrumb\":{\"@id\":\"https:\/\/giriczvera.hu\/magyarorszagi-nemzetisegek-bizottsaga-2023-december-5-ulese\/#breadcrumb\"},\"inLanguage\":\"ru-RU\",\"potentialAction\":[{\"@type\":\"ReadAction\",\"target\":[\"https:\/\/giriczvera.hu\/magyarorszagi-nemzetisegek-bizottsaga-2023-december-5-ulese\/\"]}]},{\"@type\":\"BreadcrumbList\",\"@id\":\"https:\/\/giriczvera.hu\/magyarorszagi-nemzetisegek-bizottsaga-2023-december-5-ulese\/#breadcrumb\",\"itemListElement\":[{\"@type\":\"ListItem\",\"position\":1,\"name\":\"Kezd\u0151lap\",\"item\":\"https:\/\/giriczvera.hu\/\"},{\"@type\":\"ListItem\",\"position\":2,\"name\":\"Magyarorsz\u00e1gi Nemzetis\u00e9gek Bizotts\u00e1ga 2023.12.05.\"}]},{\"@type\":\"WebSite\",\"@id\":\"https:\/\/giriczvera.hu\/#website\",\"url\":\"https:\/\/giriczvera.hu\/\",\"name\":\"GIRICZ VERA\",\"description\":\"ruszin nemzetis\u00e9gi sz\u00f3sz\u00f3l\u00f3\",\"potentialAction\":[{\"@type\":\"SearchAction\",\"target\":{\"@type\":\"EntryPoint\",\"urlTemplate\":\"https:\/\/giriczvera.hu\/?s={search_term_string}\"},\"query-input\":{\"@type\":\"PropertyValueSpecification\",\"valueRequired\":true,\"valueName\":\"search_term_string\"}}],\"inLanguage\":\"ru-RU\"},{\"@type\":\"Person\",\"@id\":\"https:\/\/giriczvera.hu\/#\/schema\/person\/3f76519fa7de7cfa3fb8e6585f9f714e\",\"name\":\"csala karoly\",\"sameAs\":[\"http:\/\/giriczvera.hu\"],\"url\":\"https:\/\/giriczvera.hu\/ru\/author\/karoly\/\"}]}<\/script>\n<!-- \/ Yoast SEO plugin. -->","yoast_head_json":{"title":"Magyarorsz\u00e1gi Nemzetis\u00e9gek Bizotts\u00e1ga 2023.12.05. - GIRICZ VERA","robots":{"index":"index","follow":"follow","max-snippet":"max-snippet:-1","max-image-preview":"max-image-preview:large","max-video-preview":"max-video-preview:-1"},"canonical":"https:\/\/giriczvera.hu\/ru\/magyarorszagi-nemzetisegek-bizottsaga-2023-december-5-ulese\/","og_locale":"ru_RU","og_type":"article","og_title":"Magyarorsz\u00e1gi Nemzetis\u00e9gek Bizotts\u00e1ga 2023.12.05. - GIRICZ VERA","og_description":"Napirend: 1. Cs\u00e1k J\u00e1nos kult\u00far\u00e1\u00e9rt \u00e9s innov\u00e1ci\u00f3\u00e9rt felel\u0151s miniszter \u00e9ves meghallgat\u00e1sa.(Az Orsz\u00e1ggy\u0171l\u00e9sr\u0151l sz\u00f3l\u00f3 2012. \u00e9vi XXXVI. t\u00f6rv\u00e9ny 41. \u00a7-a alapj\u00e1n).Megjelent: Vit\u00e1lyos Eszter miniszterhelyettes, (Kultur\u00e1lis \u00e9s Innov\u00e1ci\u00f3s Miniszt\u00e9rium).Zavogy\u00e1n Magdolna \u00e1llamtitk\u00e1r, (KIM). Dr. Hank\u00f3 Bal\u00e1zs \u00e1llamtitk\u00e1r, (KIM). 2. Egyebek","og_url":"https:\/\/giriczvera.hu\/ru\/magyarorszagi-nemzetisegek-bizottsaga-2023-december-5-ulese\/","og_site_name":"GIRICZ VERA","article_published_time":"2024-01-16T13:59:21+00:00","article_modified_time":"2024-12-11T19:08:37+00:00","author":"csala karoly","twitter_card":"summary_large_image","twitter_misc":{"\u041d\u0430\u043f\u0438\u0441\u0430\u043d\u043e \u0430\u0432\u0442\u043e\u0440\u043e\u043c":"csala karoly","\u041f\u0440\u0438\u043c\u0435\u0440\u043d\u043e\u0435 \u0432\u0440\u0435\u043c\u044f \u0434\u043b\u044f \u0447\u0442\u0435\u043d\u0438\u044f":"1 \u043c\u0438\u043d\u0443\u0442\u0430"},"schema":{"@context":"https:\/\/schema.org","@graph":[{"@type":"WebPage","@id":"https:\/\/giriczvera.hu\/magyarorszagi-nemzetisegek-bizottsaga-2023-december-5-ulese\/","url":"https:\/\/giriczvera.hu\/magyarorszagi-nemzetisegek-bizottsaga-2023-december-5-ulese\/","name":"Magyarorsz\u00e1gi Nemzetis\u00e9gek Bizotts\u00e1ga 2023.12.05. - GIRICZ VERA","isPartOf":{"@id":"https:\/\/giriczvera.hu\/#website"},"datePublished":"2024-01-16T13:59:21+00:00","dateModified":"2024-12-11T19:08:37+00:00","author":{"@id":"https:\/\/giriczvera.hu\/#\/schema\/person\/3f76519fa7de7cfa3fb8e6585f9f714e"},"breadcrumb":{"@id":"https:\/\/giriczvera.hu\/magyarorszagi-nemzetisegek-bizottsaga-2023-december-5-ulese\/#breadcrumb"},"inLanguage":"ru-RU","potentialAction":[{"@type":"ReadAction","target":["https:\/\/giriczvera.hu\/magyarorszagi-nemzetisegek-bizottsaga-2023-december-5-ulese\/"]}]},{"@type":"BreadcrumbList","@id":"https:\/\/giriczvera.hu\/magyarorszagi-nemzetisegek-bizottsaga-2023-december-5-ulese\/#breadcrumb","itemListElement":[{"@type":"ListItem","position":1,"name":"Kezd\u0151lap","item":"https:\/\/giriczvera.hu\/"},{"@type":"ListItem","position":2,"name":"Magyarorsz\u00e1gi Nemzetis\u00e9gek Bizotts\u00e1ga 2023.12.05."}]},{"@type":"WebSite","@id":"https:\/\/giriczvera.hu\/#website","url":"https:\/\/giriczvera.hu\/","name":"\u0412\u0406\u0420\u0410 \u0490\u0406\u0420\u0406\u0426","description":"\u043f\u043e\u0441\u043b\u0430\u043d\u0438\u043a \u0420\u0443\u0441\u0438\u043d\u0443\u0432 \u0443 \u041f\u0430\u0440\u043b\u0430\u043c\u0435\u043d\u0442\u0457","potentialAction":[{"@type":"SearchAction","target":{"@type":"EntryPoint","urlTemplate":"https:\/\/giriczvera.hu\/?s={search_term_string}"},"query-input":{"@type":"PropertyValueSpecification","valueRequired":true,"valueName":"search_term_string"}}],"inLanguage":"ru-RU"},{"@type":"Person","@id":"https:\/\/giriczvera.hu\/#\/schema\/person\/3f76519fa7de7cfa3fb8e6585f9f714e","name":"csala karoly","sameAs":["http:\/\/giriczvera.hu"],"url":"https:\/\/giriczvera.hu\/ru\/author\/karoly\/"}]}},"_links":{"self":[{"href":"https:\/\/giriczvera.hu\/ru\/wp-json\/wp\/v2\/posts\/3131","targetHints":{"allow":["GET"]}}],"collection":[{"href":"https:\/\/giriczvera.hu\/ru\/wp-json\/wp\/v2\/posts"}],"about":[{"href":"https:\/\/giriczvera.hu\/ru\/wp-json\/wp\/v2\/types\/post"}],"author":[{"embeddable":true,"href":"https:\/\/giriczvera.hu\/ru\/wp-json\/wp\/v2\/users\/2"}],"replies":[{"embeddable":true,"href":"https:\/\/giriczvera.hu\/ru\/wp-json\/wp\/v2\/comments?post=3131"}],"version-history":[{"count":8,"href":"https:\/\/giriczvera.hu\/ru\/wp-json\/wp\/v2\/posts\/3131\/revisions"}],"predecessor-version":[{"id":3606,"href":"https:\/\/giriczvera.hu\/ru\/wp-json\/wp\/v2\/posts\/3131\/revisions\/3606"}],"wp:attachment":[{"href":"https:\/\/giriczvera.hu\/ru\/wp-json\/wp\/v2\/media?parent=3131"}],"wp:term":[{"taxonomy":"category","embeddable":true,"href":"https:\/\/giriczvera.hu\/ru\/wp-json\/wp\/v2\/categories?post=3131"},{"taxonomy":"post_tag","embeddable":true,"href":"https:\/\/giriczvera.hu\/ru\/wp-json\/wp\/v2\/tags?post=3131"}],"curies":[{"name":"wp","href":"https:\/\/api.w.org\/{rel}","templated":true}]}}