{"id":3126,"date":"2023-12-04T21:35:03","date_gmt":"2023-12-04T20:35:03","guid":{"rendered":"https:\/\/giriczvera.hu\/?p=3126"},"modified":"2024-12-11T20:09:11","modified_gmt":"2024-12-11T19:09:11","slug":"magyarorszagi-nemzetisegek-bizottsaga-2023-11-28-ulese","status":"publish","type":"post","link":"https:\/\/giriczvera.hu\/ru\/magyarorszagi-nemzetisegek-bizottsaga-2023-11-28-ulese\/","title":{"rendered":"Magyarorsz\u00e1gi Nemzetis\u00e9gek Bizotts\u00e1ga 2023.11.28."},"content":{"rendered":"<p><strong>\u041f\u043e\u0432\u0456\u0441\u0442\u043a\u0430 \u0434\u043d\u044f:<\/strong> <br>1. Egyes k\u00f6zponti korm\u00e1nyzati igazgat\u00e1si szerveket \u00e9rint\u0151 t\u00f6rv\u00e9nym\u00f3dos\u00edt\u00e1sokr\u00f3l sz\u00f3l\u00f3 T\/6063. sz\u00e1m\u00fa t\u00f6rv\u00e9nyjavaslat.<\/p>\n\n\n\n<p>2. A ter\u00fcletfejleszt\u00e9sr\u0151l sz\u00f3l\u00f3 T\/6071. sz\u00e1m\u00fa t\u00f6rv\u00e9nyjavaslat.<\/p>\n\n\n\n<p>3. A helyi \u00f6nkorm\u00e1nyzatok ad\u00f3ss\u00e1grendez\u00e9si elj\u00e1r\u00e1s\u00e1val \u00f6sszef\u00fcgg\u0151 t\u00f6rv\u00e9nyek m\u00f3dos\u00edt\u00e1s\u00e1r\u00f3l sz\u00f3l\u00f3 T\/6077.sz\u00e1m\u00fa t\u00f6rv\u00e9nyjavaslat.<\/p>\n\n\n\n<p>4. \u0418\u043d\u0448\u0430\u043a\u043e\u0454<\/p>","protected":false},"excerpt":{"rendered":"<p>Napirend: 1. Egyes k\u00f6zponti korm\u00e1nyzati igazgat\u00e1si szerveket \u00e9rint\u0151 t\u00f6rv\u00e9nym\u00f3dos\u00edt\u00e1sokr\u00f3l sz\u00f3l\u00f3 T\/6063. sz\u00e1m\u00fa t\u00f6rv\u00e9nyjavaslat. 2. A ter\u00fcletfejleszt\u00e9sr\u0151l sz\u00f3l\u00f3 T\/6071. sz\u00e1m\u00fa t\u00f6rv\u00e9nyjavaslat. 3. A helyi \u00f6nkorm\u00e1nyzatok ad\u00f3ss\u00e1grendez\u00e9si elj\u00e1r\u00e1s\u00e1val \u00f6sszef\u00fcgg\u0151 t\u00f6rv\u00e9nyek m\u00f3dos\u00edt\u00e1s\u00e1r\u00f3l sz\u00f3l\u00f3 T\/6077.sz\u00e1m\u00fa t\u00f6rv\u00e9nyjavaslat. 4. Egyebek<\/p>","protected":false},"author":1,"featured_media":0,"comment_status":"closed","ping_status":"open","sticky":false,"template":"","format":"standard","meta":{"footnotes":""},"categories":[12],"tags":[],"class_list":["post-3126","post","type-post","status-publish","format-standard","hentry","category-az-orszaggyules-magyarorszagi-nemzetisegek-bizottsaga"],"yoast_head":"<!-- This site is optimized with the Yoast SEO plugin v25.8 - https:\/\/yoast.com\/wordpress\/plugins\/seo\/ -->\n<title>Magyarorsz\u00e1gi Nemzetis\u00e9gek Bizotts\u00e1ga 2023.11.28. - GIRICZ VERA<\/title>\n<meta name=\"robots\" content=\"index, follow, max-snippet:-1, max-image-preview:large, max-video-preview:-1\" \/>\n<link rel=\"canonical\" href=\"https:\/\/giriczvera.hu\/ru\/magyarorszagi-nemzetisegek-bizottsaga-2023-11-28-ulese\/\" \/>\n<meta property=\"og:locale\" content=\"ru_RU\" \/>\n<meta property=\"og:type\" content=\"article\" \/>\n<meta property=\"og:title\" content=\"Magyarorsz\u00e1gi Nemzetis\u00e9gek Bizotts\u00e1ga 2023.11.28. - GIRICZ VERA\" \/>\n<meta property=\"og:description\" content=\"Napirend: 1. Egyes k\u00f6zponti korm\u00e1nyzati igazgat\u00e1si szerveket \u00e9rint\u0151 t\u00f6rv\u00e9nym\u00f3dos\u00edt\u00e1sokr\u00f3l sz\u00f3l\u00f3 T\/6063. sz\u00e1m\u00fa t\u00f6rv\u00e9nyjavaslat. 2. A ter\u00fcletfejleszt\u00e9sr\u0151l sz\u00f3l\u00f3 T\/6071. sz\u00e1m\u00fa t\u00f6rv\u00e9nyjavaslat. 3. A helyi \u00f6nkorm\u00e1nyzatok ad\u00f3ss\u00e1grendez\u00e9si elj\u00e1r\u00e1s\u00e1val \u00f6sszef\u00fcgg\u0151 t\u00f6rv\u00e9nyek m\u00f3dos\u00edt\u00e1s\u00e1r\u00f3l sz\u00f3l\u00f3 T\/6077.sz\u00e1m\u00fa t\u00f6rv\u00e9nyjavaslat. 4. Egyebek\" \/>\n<meta property=\"og:url\" content=\"https:\/\/giriczvera.hu\/ru\/magyarorszagi-nemzetisegek-bizottsaga-2023-11-28-ulese\/\" \/>\n<meta property=\"og:site_name\" content=\"GIRICZ VERA\" \/>\n<meta property=\"article:published_time\" content=\"2023-12-04T20:35:03+00:00\" \/>\n<meta property=\"article:modified_time\" content=\"2024-12-11T19:09:11+00:00\" \/>\n<meta name=\"author\" content=\"tade\" \/>\n<meta name=\"twitter:card\" content=\"summary_large_image\" \/>\n<meta name=\"twitter:label1\" content=\"\u041d\u0430\u043f\u0438\u0441\u0430\u043d\u043e \u0430\u0432\u0442\u043e\u0440\u043e\u043c\" \/>\n\t<meta name=\"twitter:data1\" content=\"tade\" \/>\n\t<meta name=\"twitter:label2\" content=\"\u041f\u0440\u0438\u043c\u0435\u0440\u043d\u043e\u0435 \u0432\u0440\u0435\u043c\u044f \u0434\u043b\u044f \u0447\u0442\u0435\u043d\u0438\u044f\" \/>\n\t<meta name=\"twitter:data2\" content=\"1 \u043c\u0438\u043d\u0443\u0442\u0430\" \/>\n<script type=\"application\/ld+json\" class=\"yoast-schema-graph\">{\"@context\":\"https:\/\/schema.org\",\"@graph\":[{\"@type\":\"WebPage\",\"@id\":\"https:\/\/giriczvera.hu\/magyarorszagi-nemzetisegek-bizottsaga-2023-11-28-ulese\/\",\"url\":\"https:\/\/giriczvera.hu\/magyarorszagi-nemzetisegek-bizottsaga-2023-11-28-ulese\/\",\"name\":\"Magyarorsz\u00e1gi Nemzetis\u00e9gek Bizotts\u00e1ga 2023.11.28. - GIRICZ VERA\",\"isPartOf\":{\"@id\":\"https:\/\/giriczvera.hu\/#website\"},\"datePublished\":\"2023-12-04T20:35:03+00:00\",\"dateModified\":\"2024-12-11T19:09:11+00:00\",\"author\":{\"@id\":\"https:\/\/giriczvera.hu\/#\/schema\/person\/fbce5fb2968ea63b7884a668e47a6b32\"},\"breadcrumb\":{\"@id\":\"https:\/\/giriczvera.hu\/magyarorszagi-nemzetisegek-bizottsaga-2023-11-28-ulese\/#breadcrumb\"},\"inLanguage\":\"ru-RU\",\"potentialAction\":[{\"@type\":\"ReadAction\",\"target\":[\"https:\/\/giriczvera.hu\/magyarorszagi-nemzetisegek-bizottsaga-2023-11-28-ulese\/\"]}]},{\"@type\":\"BreadcrumbList\",\"@id\":\"https:\/\/giriczvera.hu\/magyarorszagi-nemzetisegek-bizottsaga-2023-11-28-ulese\/#breadcrumb\",\"itemListElement\":[{\"@type\":\"ListItem\",\"position\":1,\"name\":\"Kezd\u0151lap\",\"item\":\"https:\/\/giriczvera.hu\/\"},{\"@type\":\"ListItem\",\"position\":2,\"name\":\"Magyarorsz\u00e1gi Nemzetis\u00e9gek Bizotts\u00e1ga 2023.11.28.\"}]},{\"@type\":\"WebSite\",\"@id\":\"https:\/\/giriczvera.hu\/#website\",\"url\":\"https:\/\/giriczvera.hu\/\",\"name\":\"GIRICZ VERA\",\"description\":\"ruszin nemzetis\u00e9gi sz\u00f3sz\u00f3l\u00f3\",\"potentialAction\":[{\"@type\":\"SearchAction\",\"target\":{\"@type\":\"EntryPoint\",\"urlTemplate\":\"https:\/\/giriczvera.hu\/?s={search_term_string}\"},\"query-input\":{\"@type\":\"PropertyValueSpecification\",\"valueRequired\":true,\"valueName\":\"search_term_string\"}}],\"inLanguage\":\"ru-RU\"},{\"@type\":\"Person\",\"@id\":\"https:\/\/giriczvera.hu\/#\/schema\/person\/fbce5fb2968ea63b7884a668e47a6b32\",\"name\":\"tade\",\"sameAs\":[\"https:\/\/giriczvera.hu\"],\"url\":\"https:\/\/giriczvera.hu\/ru\/author\/tade\/\"}]}<\/script>\n<!-- \/ Yoast SEO plugin. -->","yoast_head_json":{"title":"Magyarorsz\u00e1gi Nemzetis\u00e9gek Bizotts\u00e1ga 2023.11.28. - GIRICZ VERA","robots":{"index":"index","follow":"follow","max-snippet":"max-snippet:-1","max-image-preview":"max-image-preview:large","max-video-preview":"max-video-preview:-1"},"canonical":"https:\/\/giriczvera.hu\/ru\/magyarorszagi-nemzetisegek-bizottsaga-2023-11-28-ulese\/","og_locale":"ru_RU","og_type":"article","og_title":"Magyarorsz\u00e1gi Nemzetis\u00e9gek Bizotts\u00e1ga 2023.11.28. - GIRICZ VERA","og_description":"Napirend: 1. Egyes k\u00f6zponti korm\u00e1nyzati igazgat\u00e1si szerveket \u00e9rint\u0151 t\u00f6rv\u00e9nym\u00f3dos\u00edt\u00e1sokr\u00f3l sz\u00f3l\u00f3 T\/6063. sz\u00e1m\u00fa t\u00f6rv\u00e9nyjavaslat. 2. A ter\u00fcletfejleszt\u00e9sr\u0151l sz\u00f3l\u00f3 T\/6071. sz\u00e1m\u00fa t\u00f6rv\u00e9nyjavaslat. 3. A helyi \u00f6nkorm\u00e1nyzatok ad\u00f3ss\u00e1grendez\u00e9si elj\u00e1r\u00e1s\u00e1val \u00f6sszef\u00fcgg\u0151 t\u00f6rv\u00e9nyek m\u00f3dos\u00edt\u00e1s\u00e1r\u00f3l sz\u00f3l\u00f3 T\/6077.sz\u00e1m\u00fa t\u00f6rv\u00e9nyjavaslat. 4. Egyebek","og_url":"https:\/\/giriczvera.hu\/ru\/magyarorszagi-nemzetisegek-bizottsaga-2023-11-28-ulese\/","og_site_name":"GIRICZ VERA","article_published_time":"2023-12-04T20:35:03+00:00","article_modified_time":"2024-12-11T19:09:11+00:00","author":"tade","twitter_card":"summary_large_image","twitter_misc":{"\u041d\u0430\u043f\u0438\u0441\u0430\u043d\u043e \u0430\u0432\u0442\u043e\u0440\u043e\u043c":"tade","\u041f\u0440\u0438\u043c\u0435\u0440\u043d\u043e\u0435 \u0432\u0440\u0435\u043c\u044f \u0434\u043b\u044f \u0447\u0442\u0435\u043d\u0438\u044f":"1 \u043c\u0438\u043d\u0443\u0442\u0430"},"schema":{"@context":"https:\/\/schema.org","@graph":[{"@type":"WebPage","@id":"https:\/\/giriczvera.hu\/magyarorszagi-nemzetisegek-bizottsaga-2023-11-28-ulese\/","url":"https:\/\/giriczvera.hu\/magyarorszagi-nemzetisegek-bizottsaga-2023-11-28-ulese\/","name":"Magyarorsz\u00e1gi Nemzetis\u00e9gek Bizotts\u00e1ga 2023.11.28. - GIRICZ VERA","isPartOf":{"@id":"https:\/\/giriczvera.hu\/#website"},"datePublished":"2023-12-04T20:35:03+00:00","dateModified":"2024-12-11T19:09:11+00:00","author":{"@id":"https:\/\/giriczvera.hu\/#\/schema\/person\/fbce5fb2968ea63b7884a668e47a6b32"},"breadcrumb":{"@id":"https:\/\/giriczvera.hu\/magyarorszagi-nemzetisegek-bizottsaga-2023-11-28-ulese\/#breadcrumb"},"inLanguage":"ru-RU","potentialAction":[{"@type":"ReadAction","target":["https:\/\/giriczvera.hu\/magyarorszagi-nemzetisegek-bizottsaga-2023-11-28-ulese\/"]}]},{"@type":"BreadcrumbList","@id":"https:\/\/giriczvera.hu\/magyarorszagi-nemzetisegek-bizottsaga-2023-11-28-ulese\/#breadcrumb","itemListElement":[{"@type":"ListItem","position":1,"name":"Kezd\u0151lap","item":"https:\/\/giriczvera.hu\/"},{"@type":"ListItem","position":2,"name":"Magyarorsz\u00e1gi Nemzetis\u00e9gek Bizotts\u00e1ga 2023.11.28."}]},{"@type":"WebSite","@id":"https:\/\/giriczvera.hu\/#website","url":"https:\/\/giriczvera.hu\/","name":"\u0412\u0406\u0420\u0410 \u0490\u0406\u0420\u0406\u0426","description":"\u043f\u043e\u0441\u043b\u0430\u043d\u0438\u043a \u0420\u0443\u0441\u0438\u043d\u0443\u0432 \u0443 \u041f\u0430\u0440\u043b\u0430\u043c\u0435\u043d\u0442\u0457","potentialAction":[{"@type":"SearchAction","target":{"@type":"EntryPoint","urlTemplate":"https:\/\/giriczvera.hu\/?s={search_term_string}"},"query-input":{"@type":"PropertyValueSpecification","valueRequired":true,"valueName":"search_term_string"}}],"inLanguage":"ru-RU"},{"@type":"Person","@id":"https:\/\/giriczvera.hu\/#\/schema\/person\/fbce5fb2968ea63b7884a668e47a6b32","name":"tade","sameAs":["https:\/\/giriczvera.hu"],"url":"https:\/\/giriczvera.hu\/ru\/author\/tade\/"}]}},"_links":{"self":[{"href":"https:\/\/giriczvera.hu\/ru\/wp-json\/wp\/v2\/posts\/3126","targetHints":{"allow":["GET"]}}],"collection":[{"href":"https:\/\/giriczvera.hu\/ru\/wp-json\/wp\/v2\/posts"}],"about":[{"href":"https:\/\/giriczvera.hu\/ru\/wp-json\/wp\/v2\/types\/post"}],"author":[{"embeddable":true,"href":"https:\/\/giriczvera.hu\/ru\/wp-json\/wp\/v2\/users\/1"}],"replies":[{"embeddable":true,"href":"https:\/\/giriczvera.hu\/ru\/wp-json\/wp\/v2\/comments?post=3126"}],"version-history":[{"count":4,"href":"https:\/\/giriczvera.hu\/ru\/wp-json\/wp\/v2\/posts\/3126\/revisions"}],"predecessor-version":[{"id":3607,"href":"https:\/\/giriczvera.hu\/ru\/wp-json\/wp\/v2\/posts\/3126\/revisions\/3607"}],"wp:attachment":[{"href":"https:\/\/giriczvera.hu\/ru\/wp-json\/wp\/v2\/media?parent=3126"}],"wp:term":[{"taxonomy":"category","embeddable":true,"href":"https:\/\/giriczvera.hu\/ru\/wp-json\/wp\/v2\/categories?post=3126"},{"taxonomy":"post_tag","embeddable":true,"href":"https:\/\/giriczvera.hu\/ru\/wp-json\/wp\/v2\/tags?post=3126"}],"curies":[{"name":"wp","href":"https:\/\/api.w.org\/{rel}","templated":true}]}}