{"id":3123,"date":"2023-12-04T21:08:31","date_gmt":"2023-12-04T20:08:31","guid":{"rendered":"https:\/\/giriczvera.hu\/?p=3123"},"modified":"2024-02-05T10:23:14","modified_gmt":"2024-02-05T09:23:14","slug":"nemzeti-fenntarthato-fejlodesi-tanacs-2023-oktober-27-plenaris-ulese","status":"publish","type":"post","link":"https:\/\/giriczvera.hu\/ru\/nemzeti-fenntarthato-fejlodesi-tanacs-2023-oktober-27-plenaris-ulese\/","title":{"rendered":"\u041d\u0430\u0446\u0456\u043e\u043d\u0430\u043b\u043d\u044b\u0439 \u0441\u043e\u0432\u0456\u0442 \u0435\u043a\u043e\u043b\u043e\u0491\u0456\u0447\u043d\u043e\u0433\u043e \u0440\u043e\u0437\u0432\u043e\u044f\n\u043f\u043b\u0435\u043d\u0430\u0440\u043d\u043e\u0454 \u0437\u0430\u0441\u0457\u0434\u0430\u043d\u044f 27-\u0433\u043e \u043e\u043a\u0442\u043e\u0432\u0431\u0440\u0430 2023.\u0440"},"content":{"rendered":"<p class=\"translation-block\"><strong>\u041f\u043e\u0432\u0456\u0441\u0442\u043a\u0430 \u0434\u043d\u044f:<\/strong><br>\n1). \u041f\u043b\u0430\u043d \u0440\u0435\u0430\u043b\u0456\u0437\u0430\u0446\u0456\u0457 \u0406\u0406\u0406. \u041d\u0430\u0446\u0456\u043e\u043d\u0430\u043b\u044c\u043d\u0443\u0439 \u0441\u0442\u0440\u0430\u0442\u0435\u0491\u0456\u0457 \u0432 \u043e\u0431\u043b\u0430\u0441\u0442\u0438 \u0431\u0456\u043e\u0434\u0456\u0432\u0435\u0440\u0441\u0456\u0444\u0456\u043a\u0430\u0446\u0456\u0457, \u043a\u043b\u044e\u0447\u043e\u0432\u0457 \u043a\u0440\u043e\u043a\u044b (\u0431\u0440\u0456\u0444\u0456\u043d\u0491 \u0438 \u0434\u0435\u0431\u0430\u0442\u044b).<\/p>\n\n\n\n<p class=\"translation-block\"><strong>\u0412\u044b\u0441\u0442\u0443\u043f\u0430\u0432\u0443\u0447\u0457:<\/strong><br>\n\u0406\u0448\u0442\u0432\u0430\u043d \u041d\u0430\u0434\u044c, \u041c\u0456\u043d\u0456\u0441\u0442\u0435\u0440 \u0437\u0430 \u0437\u0435\u043c\u043b\u0435\u0434\u0457\u043b\u0441\u0442\u0432\u043e.\n\u041e\u043d\u0434\u0440\u0430\u0448 \u0411\u0430\u043b\u0434\u0456, \u0447\u043b\u0435\u043d \u0421\u043e\u0432\u0456\u0442\u0430<\/p>\n\n\n\n<p class=\"translation-block\">2). \u041e\u0431\u0449\u043e\u0454 \u043e\u0431\u0433\u043e\u0432\u043e\u0440\u0435\u043d\u044f \u043f\u0435\u0440\u0432\u043e\u0433\u043e \u043f\u0440\u043e\u0435\u043a\u0442\u0430 \u0442\u0435\u043a\u0441\u0442\u0430 \u043f\u044f\u0442\u043e\u0433\u043e \u0437\u0432\u0456\u0442\u0430 \u0437\u0430 \u043f\u0440\u043e\u0433\u0440\u0435\u0441 \u041d\u0430\u0446\u0456\u043e\u043d\u0430\u043b\u043d\u0443\u0439 \u043a\u0435\u0440\u0435\u0442\u043e\u0432\u0443\u0439 \u0441\u0442\u0440\u0430\u0442\u0435\u0491\u0456\u0457 \u0435\u043a\u043e\u043b\u043e\u0491\u0456\u0447\u043d\u043e\u0433\u043e \u0440\u043e\u0437\u0432\u043e\u044f.\n\u0414\u0435\u0431\u0430\u0442\u044b \u0437\u0430\u0447\u0430\u0432 \u0490\u0430\u0431\u043e\u0440 \u0411\u0430\u0440\u0442\u0443\u0448, \u0441\u0435\u043a\u0440\u0435\u0442\u0430\u0440 \u0421\u043e\u0432\u0456\u0442\u0430.<\/p>\n\n\n\n<p>3). \u0418\u043d\u0448\u0430\u043a\u043e\u0454a<\/p>","protected":false},"excerpt":{"rendered":"<p>Napirend:1). A III. Nemzeti Biodiverzit\u00e1s Strat\u00e9gia v\u00e9grehajt\u00e1s\u00e1nak terve \u00e9s kulcsl\u00e9p\u00e9sei (t\u00e1j\u00e9koztat\u00f3 \u00e9s vita). El\u0151ad\u00f3k:Nagy Istv\u00e1n agr\u00e1rminiszter.B\u00e1ldi Andr\u00e1s, a Tan\u00e1cs tagja. 2). A Nemzeti Fenntarthat\u00f3 Fejl\u0151d\u00e9si Keretstrat\u00e9gia \u00f6t\u00f6dik el\u0151rehalad\u00e1si jelent\u00e9se els\u0151 sz\u00f6vegtervezet\u00e9nek \u00e1ltal\u00e1nos vit\u00e1ja.A vit\u00e1t bevezeti: Bartus G\u00e1bor, a Tan\u00e1cs titk\u00e1ra. 3) Egyebek.<\/p>","protected":false},"author":1,"featured_media":0,"comment_status":"closed","ping_status":"open","sticky":false,"template":"","format":"standard","meta":{"footnotes":""},"categories":[11],"tags":[],"class_list":["post-3123","post","type-post","status-publish","format-standard","hentry","category-nemzeti-fenntarthato-fejlodes-tanacsa-nfft"],"yoast_head":"<!-- This site is optimized with the Yoast SEO plugin v25.8 - https:\/\/yoast.com\/wordpress\/plugins\/seo\/ -->\n<title>Nemzeti Fenntarthat\u00f3 Fejl\u0151d\u00e9s Tan\u00e1csa 2023.10.27. plen\u00e1ris \u00fcl\u00e9se. - GIRICZ VERA<\/title>\n<meta name=\"robots\" content=\"index, follow, max-snippet:-1, max-image-preview:large, max-video-preview:-1\" \/>\n<link rel=\"canonical\" href=\"https:\/\/giriczvera.hu\/ru\/nemzeti-fenntarthato-fejlodesi-tanacs-2023-oktober-27-plenaris-ulese\/\" \/>\n<meta property=\"og:locale\" content=\"ru_RU\" \/>\n<meta property=\"og:type\" content=\"article\" \/>\n<meta property=\"og:title\" content=\"Nemzeti Fenntarthat\u00f3 Fejl\u0151d\u00e9s Tan\u00e1csa 2023.10.27. plen\u00e1ris \u00fcl\u00e9se. - GIRICZ VERA\" \/>\n<meta property=\"og:description\" content=\"Napirend:1). A III. Nemzeti Biodiverzit\u00e1s Strat\u00e9gia v\u00e9grehajt\u00e1s\u00e1nak terve \u00e9s kulcsl\u00e9p\u00e9sei (t\u00e1j\u00e9koztat\u00f3 \u00e9s vita). El\u0151ad\u00f3k:Nagy Istv\u00e1n agr\u00e1rminiszter.B\u00e1ldi Andr\u00e1s, a Tan\u00e1cs tagja. 2). A Nemzeti Fenntarthat\u00f3 Fejl\u0151d\u00e9si Keretstrat\u00e9gia \u00f6t\u00f6dik el\u0151rehalad\u00e1si jelent\u00e9se els\u0151 sz\u00f6vegtervezet\u00e9nek \u00e1ltal\u00e1nos vit\u00e1ja.A vit\u00e1t bevezeti: Bartus G\u00e1bor, a Tan\u00e1cs titk\u00e1ra. 3) Egyebek.\" \/>\n<meta property=\"og:url\" content=\"https:\/\/giriczvera.hu\/ru\/nemzeti-fenntarthato-fejlodesi-tanacs-2023-oktober-27-plenaris-ulese\/\" \/>\n<meta property=\"og:site_name\" content=\"GIRICZ VERA\" \/>\n<meta property=\"article:published_time\" content=\"2023-12-04T20:08:31+00:00\" \/>\n<meta property=\"article:modified_time\" content=\"2024-02-05T09:23:14+00:00\" \/>\n<meta name=\"author\" content=\"tade\" \/>\n<meta name=\"twitter:card\" content=\"summary_large_image\" \/>\n<meta name=\"twitter:label1\" content=\"\u041d\u0430\u043f\u0438\u0441\u0430\u043d\u043e \u0430\u0432\u0442\u043e\u0440\u043e\u043c\" \/>\n\t<meta name=\"twitter:data1\" content=\"tade\" \/>\n\t<meta name=\"twitter:label2\" content=\"\u041f\u0440\u0438\u043c\u0435\u0440\u043d\u043e\u0435 \u0432\u0440\u0435\u043c\u044f \u0434\u043b\u044f \u0447\u0442\u0435\u043d\u0438\u044f\" \/>\n\t<meta name=\"twitter:data2\" content=\"1 \u043c\u0438\u043d\u0443\u0442\u0430\" \/>\n<script type=\"application\/ld+json\" class=\"yoast-schema-graph\">{\"@context\":\"https:\/\/schema.org\",\"@graph\":[{\"@type\":\"WebPage\",\"@id\":\"https:\/\/giriczvera.hu\/nemzeti-fenntarthato-fejlodesi-tanacs-2023-oktober-27-plenaris-ulese\/\",\"url\":\"https:\/\/giriczvera.hu\/nemzeti-fenntarthato-fejlodesi-tanacs-2023-oktober-27-plenaris-ulese\/\",\"name\":\"Nemzeti Fenntarthat\u00f3 Fejl\u0151d\u00e9s Tan\u00e1csa 2023.10.27. plen\u00e1ris \u00fcl\u00e9se. - GIRICZ VERA\",\"isPartOf\":{\"@id\":\"https:\/\/giriczvera.hu\/#website\"},\"datePublished\":\"2023-12-04T20:08:31+00:00\",\"dateModified\":\"2024-02-05T09:23:14+00:00\",\"author\":{\"@id\":\"https:\/\/giriczvera.hu\/#\/schema\/person\/fbce5fb2968ea63b7884a668e47a6b32\"},\"breadcrumb\":{\"@id\":\"https:\/\/giriczvera.hu\/nemzeti-fenntarthato-fejlodesi-tanacs-2023-oktober-27-plenaris-ulese\/#breadcrumb\"},\"inLanguage\":\"ru-RU\",\"potentialAction\":[{\"@type\":\"ReadAction\",\"target\":[\"https:\/\/giriczvera.hu\/nemzeti-fenntarthato-fejlodesi-tanacs-2023-oktober-27-plenaris-ulese\/\"]}]},{\"@type\":\"BreadcrumbList\",\"@id\":\"https:\/\/giriczvera.hu\/nemzeti-fenntarthato-fejlodesi-tanacs-2023-oktober-27-plenaris-ulese\/#breadcrumb\",\"itemListElement\":[{\"@type\":\"ListItem\",\"position\":1,\"name\":\"Kezd\u0151lap\",\"item\":\"https:\/\/giriczvera.hu\/\"},{\"@type\":\"ListItem\",\"position\":2,\"name\":\"Nemzeti Fenntarthat\u00f3 Fejl\u0151d\u00e9s Tan\u00e1csa 2023.10.27. plen\u00e1ris \u00fcl\u00e9se.\"}]},{\"@type\":\"WebSite\",\"@id\":\"https:\/\/giriczvera.hu\/#website\",\"url\":\"https:\/\/giriczvera.hu\/\",\"name\":\"GIRICZ VERA\",\"description\":\"ruszin nemzetis\u00e9gi sz\u00f3sz\u00f3l\u00f3\",\"potentialAction\":[{\"@type\":\"SearchAction\",\"target\":{\"@type\":\"EntryPoint\",\"urlTemplate\":\"https:\/\/giriczvera.hu\/?s={search_term_string}\"},\"query-input\":{\"@type\":\"PropertyValueSpecification\",\"valueRequired\":true,\"valueName\":\"search_term_string\"}}],\"inLanguage\":\"ru-RU\"},{\"@type\":\"Person\",\"@id\":\"https:\/\/giriczvera.hu\/#\/schema\/person\/fbce5fb2968ea63b7884a668e47a6b32\",\"name\":\"tade\",\"sameAs\":[\"https:\/\/giriczvera.hu\"],\"url\":\"https:\/\/giriczvera.hu\/ru\/author\/tade\/\"}]}<\/script>\n<!-- \/ Yoast SEO plugin. -->","yoast_head_json":{"title":"Nemzeti Fenntarthat\u00f3 Fejl\u0151d\u00e9s Tan\u00e1csa 2023.10.27. plen\u00e1ris \u00fcl\u00e9se. - GIRICZ VERA","robots":{"index":"index","follow":"follow","max-snippet":"max-snippet:-1","max-image-preview":"max-image-preview:large","max-video-preview":"max-video-preview:-1"},"canonical":"https:\/\/giriczvera.hu\/ru\/nemzeti-fenntarthato-fejlodesi-tanacs-2023-oktober-27-plenaris-ulese\/","og_locale":"ru_RU","og_type":"article","og_title":"Nemzeti Fenntarthat\u00f3 Fejl\u0151d\u00e9s Tan\u00e1csa 2023.10.27. plen\u00e1ris \u00fcl\u00e9se. - GIRICZ VERA","og_description":"Napirend:1). A III. Nemzeti Biodiverzit\u00e1s Strat\u00e9gia v\u00e9grehajt\u00e1s\u00e1nak terve \u00e9s kulcsl\u00e9p\u00e9sei (t\u00e1j\u00e9koztat\u00f3 \u00e9s vita). El\u0151ad\u00f3k:Nagy Istv\u00e1n agr\u00e1rminiszter.B\u00e1ldi Andr\u00e1s, a Tan\u00e1cs tagja. 2). A Nemzeti Fenntarthat\u00f3 Fejl\u0151d\u00e9si Keretstrat\u00e9gia \u00f6t\u00f6dik el\u0151rehalad\u00e1si jelent\u00e9se els\u0151 sz\u00f6vegtervezet\u00e9nek \u00e1ltal\u00e1nos vit\u00e1ja.A vit\u00e1t bevezeti: Bartus G\u00e1bor, a Tan\u00e1cs titk\u00e1ra. 3) Egyebek.","og_url":"https:\/\/giriczvera.hu\/ru\/nemzeti-fenntarthato-fejlodesi-tanacs-2023-oktober-27-plenaris-ulese\/","og_site_name":"GIRICZ VERA","article_published_time":"2023-12-04T20:08:31+00:00","article_modified_time":"2024-02-05T09:23:14+00:00","author":"tade","twitter_card":"summary_large_image","twitter_misc":{"\u041d\u0430\u043f\u0438\u0441\u0430\u043d\u043e \u0430\u0432\u0442\u043e\u0440\u043e\u043c":"tade","\u041f\u0440\u0438\u043c\u0435\u0440\u043d\u043e\u0435 \u0432\u0440\u0435\u043c\u044f \u0434\u043b\u044f \u0447\u0442\u0435\u043d\u0438\u044f":"1 \u043c\u0438\u043d\u0443\u0442\u0430"},"schema":{"@context":"https:\/\/schema.org","@graph":[{"@type":"WebPage","@id":"https:\/\/giriczvera.hu\/nemzeti-fenntarthato-fejlodesi-tanacs-2023-oktober-27-plenaris-ulese\/","url":"https:\/\/giriczvera.hu\/nemzeti-fenntarthato-fejlodesi-tanacs-2023-oktober-27-plenaris-ulese\/","name":"Nemzeti Fenntarthat\u00f3 Fejl\u0151d\u00e9s Tan\u00e1csa 2023.10.27. plen\u00e1ris \u00fcl\u00e9se. - GIRICZ VERA","isPartOf":{"@id":"https:\/\/giriczvera.hu\/#website"},"datePublished":"2023-12-04T20:08:31+00:00","dateModified":"2024-02-05T09:23:14+00:00","author":{"@id":"https:\/\/giriczvera.hu\/#\/schema\/person\/fbce5fb2968ea63b7884a668e47a6b32"},"breadcrumb":{"@id":"https:\/\/giriczvera.hu\/nemzeti-fenntarthato-fejlodesi-tanacs-2023-oktober-27-plenaris-ulese\/#breadcrumb"},"inLanguage":"ru-RU","potentialAction":[{"@type":"ReadAction","target":["https:\/\/giriczvera.hu\/nemzeti-fenntarthato-fejlodesi-tanacs-2023-oktober-27-plenaris-ulese\/"]}]},{"@type":"BreadcrumbList","@id":"https:\/\/giriczvera.hu\/nemzeti-fenntarthato-fejlodesi-tanacs-2023-oktober-27-plenaris-ulese\/#breadcrumb","itemListElement":[{"@type":"ListItem","position":1,"name":"Kezd\u0151lap","item":"https:\/\/giriczvera.hu\/"},{"@type":"ListItem","position":2,"name":"Nemzeti Fenntarthat\u00f3 Fejl\u0151d\u00e9s Tan\u00e1csa 2023.10.27. plen\u00e1ris \u00fcl\u00e9se."}]},{"@type":"WebSite","@id":"https:\/\/giriczvera.hu\/#website","url":"https:\/\/giriczvera.hu\/","name":"\u0412\u0406\u0420\u0410 \u0490\u0406\u0420\u0406\u0426","description":"\u043f\u043e\u0441\u043b\u0430\u043d\u0438\u043a \u0420\u0443\u0441\u0438\u043d\u0443\u0432 \u0443 \u041f\u0430\u0440\u043b\u0430\u043c\u0435\u043d\u0442\u0457","potentialAction":[{"@type":"SearchAction","target":{"@type":"EntryPoint","urlTemplate":"https:\/\/giriczvera.hu\/?s={search_term_string}"},"query-input":{"@type":"PropertyValueSpecification","valueRequired":true,"valueName":"search_term_string"}}],"inLanguage":"ru-RU"},{"@type":"Person","@id":"https:\/\/giriczvera.hu\/#\/schema\/person\/fbce5fb2968ea63b7884a668e47a6b32","name":"tade","sameAs":["https:\/\/giriczvera.hu"],"url":"https:\/\/giriczvera.hu\/ru\/author\/tade\/"}]}},"_links":{"self":[{"href":"https:\/\/giriczvera.hu\/ru\/wp-json\/wp\/v2\/posts\/3123","targetHints":{"allow":["GET"]}}],"collection":[{"href":"https:\/\/giriczvera.hu\/ru\/wp-json\/wp\/v2\/posts"}],"about":[{"href":"https:\/\/giriczvera.hu\/ru\/wp-json\/wp\/v2\/types\/post"}],"author":[{"embeddable":true,"href":"https:\/\/giriczvera.hu\/ru\/wp-json\/wp\/v2\/users\/1"}],"replies":[{"embeddable":true,"href":"https:\/\/giriczvera.hu\/ru\/wp-json\/wp\/v2\/comments?post=3123"}],"version-history":[{"count":4,"href":"https:\/\/giriczvera.hu\/ru\/wp-json\/wp\/v2\/posts\/3123\/revisions"}],"predecessor-version":[{"id":3332,"href":"https:\/\/giriczvera.hu\/ru\/wp-json\/wp\/v2\/posts\/3123\/revisions\/3332"}],"wp:attachment":[{"href":"https:\/\/giriczvera.hu\/ru\/wp-json\/wp\/v2\/media?parent=3123"}],"wp:term":[{"taxonomy":"category","embeddable":true,"href":"https:\/\/giriczvera.hu\/ru\/wp-json\/wp\/v2\/categories?post=3123"},{"taxonomy":"post_tag","embeddable":true,"href":"https:\/\/giriczvera.hu\/ru\/wp-json\/wp\/v2\/tags?post=3123"}],"curies":[{"name":"wp","href":"https:\/\/api.w.org\/{rel}","templated":true}]}}