{"id":2523,"date":"2023-09-15T01:11:19","date_gmt":"2023-09-14T23:11:19","guid":{"rendered":"https:\/\/giriczvera.hu\/?p=2523"},"modified":"2024-12-03T00:25:20","modified_gmt":"2024-12-02T23:25:20","slug":"magyarorszagi-nemzetisegek-bizottsaga-2023-04-18-ulese","status":"publish","type":"post","link":"https:\/\/giriczvera.hu\/ru\/magyarorszagi-nemzetisegek-bizottsaga-2023-04-18-ulese\/","title":{"rendered":"\u041f\u0430\u0440\u043b\u0430\u043c\u0435\u043d\u0442\u0441\u044c\u043a\u0430 \u043a\u043e\u043c\u0456\u0441\u0456\u044f \u0437 \u0432\u043e\u043f\u0440\u043e\u0441\u0443\u0432 \u043d\u0430\u0446\u0456\u043e\u043d\u0430\u043b\u043d\u044b\u0445 \u043c\u0435\u043d\u0448\u044b\u043d \u0437\u0430\u0441\u0457\u0434\u0430\u043d\u044f 18.04.2023."},"content":{"rendered":"<p><strong>\u041f\u043e\u0432\u0456\u0441\u0442\u043a\u0430 \u0434\u043d\u044f:<\/strong> <br>1. \u041f\u0440\u043e \u043f\u043e\u043b\u043e\u0436\u0435\u043d\u044f \u0436\u044b\u044e\u0447\u0438\u0445 \u043d\u0430 \u0442\u0435\u0440\u0456\u0442\u043e\u0440\u0456\u0457 \u0430\u0434\u044f\u0440\u0449\u0438\u043d\u044b \u043d\u0430\u0446\u0456\u043e\u043d\u0430\u043b\u043d\u044b\u0445 \u043c\u0435\u043d\u0448\u044b\u043d (2019. \u044f\u043d\u0443\u0430\u0440- 2020. \u0434\u0435\u0446\u0435\u043c\u0431\u0435\u0440) \u0437\u0432\u0456\u0442 (\u0411\/2418).<br>(\u0421\u0444\u043e\u0440\u043c\u043e\u0432\u0430\u043d\u044f \u043f\u043e\u0437\u0443\u0440\u0430 \u043a\u043e\u043c\u0456\u0441\u0456\u0457)<\/p>\n\n\n\n<p>2. \u0417\u0430\u043a\u043e\u043d\u043e\u043f\u0440\u043e\u0435\u043a\u0442 \u0437\u0430 \u043f\u0435\u0440\u0435\u0434\u0430\u0447\u0443 \u0437\u0430\u0434\u0430\u0440\u044c \u0434\u0430\u043a\u043e\u0442\u0440\u044b\u0445 \u0435\u043b\u0435\u043c\u0435\u043d\u0442\u0443\u0432 \u0434\u0435\u0440\u0436\u0430\u0432\u043d\u0443\u0439 \u0432\u043b\u0430\u0441\u0442\u043d\u043e\u0441\u0442\u0438 (\u0422\/3520)<br>\u0423\u0434 \u0438\u043c\u0435\u043d\u0438 \u0456\u043d\u0456\u0446\u0456\u0430\u0442\u043e\u0440\u0430:<br>\u0406\u043d\u0456\u0446\u0456\u0430\u0442\u043e\u0440\u0430 \u0437\u0430\u043a\u043e\u043d\u043e\u043f\u0440\u043e\u0435\u043a\u0442 \u043f\u0440\u0435\u0434\u0441\u0442\u0430\u0432\u043b\u044f\u043b\u0438:<br>\u0414\u0440. \u0417\u043e\u043b\u0442\u0430\u043d \u0424\u044e\u0440\u0454\u0448, \u0437\u0430\u043c\u0456\u0441\u0442\u0438\u0442\u0435\u043b\u044c \u0434\u0435\u0440\u0436\u0441\u0435\u043a\u0440\u0435\u0442\u0430\u0440\u044f ( \u041a\u0430\u043d\u0446\u0435\u043b\u0430\u0440\u0456\u044f \u043f\u0440\u0435\u043c\u0456\u0454\u0440-\u043c\u0456\u043d\u0456\u0441\u0442\u0435\u0440\u0430)<br>\u0427\u0430\u0431\u0430 \u0414\u0451\u043c\u0451\u0442\u0451\u0440, \u043f\u0430\u0440\u043b\u0430\u043c\u0435\u043d\u0442\u0441\u044c\u043a\u044b\u0439 \u0434\u0435\u0440\u0436\u0441\u0435\u043a\u0440\u0435\u0442\u0430\u0440\u044c (\u041a\u0430\u0431\u0456\u043d\u0435\u0442 \u043f\u0440\u0435\u043c\u0456\u0454\u0440- \u043c\u0456\u043d\u0456\u0441\u0442\u0435\u0440\u0430)<br>\u0410\u0442\u0456\u043b\u0430 \u0421\u0442\u043e\u0439\u043a\u0430, \u0443\u043f\u043e\u0432\u043d\u043e\u043c\u043e\u0447\u0435\u043d\u044b\u0439 \u0443\u0440\u044f\u0434\u0430 (\u041c\u0456\u043d\u0456\u0441\u0442\u0435\u0440\u0456\u044f \u0412\u043d\u0443\u0442\u043e\u0440\u043d\u044b\u0445 \u0414\u0457\u043b)<\/p>","protected":false},"excerpt":{"rendered":"<p>Napirend: 1. A Magyarorsz\u00e1g ter\u00fclet\u00e9n \u00e9l\u0151 nemzetis\u00e9gek helyzet\u00e9r\u0151l (2019. janu\u00e1r \u2013 2020.december) c\u00edmmel beny\u00fajtott besz\u00e1mol\u00f3 (B\/2418. sz\u00e1m)(A bizotts\u00e1g \u00e1ll\u00e1sfoglal\u00e1s\u00e1nak kialak\u00edt\u00e1sa) 2. Egyes \u00e1llami tulajdon\u00fa vagyonelemek ingyenes tulajdonba ad\u00e1s\u00e1r\u00f3l sz\u00f3l\u00f3 t\u00f6rv\u00e9nyjavaslat (T\/3520. sz\u00e1m)(Vit\u00e1hoz kapcsol\u00f3d\u00f3 bizotts\u00e1g)El\u0151terjeszt\u0151 k\u00e9pviselet\u00e9ben megjelentek:Dr. F\u00fcrjes Zolt\u00e1n helyettes \u00e1llamtitk\u00e1r (Minisztereln\u00f6ks\u00e9g)D\u00f6m\u00f6t\u00f6r Csaba parlamenti \u00e1llamtitk\u00e1r (Minisztereln\u00f6ki Kabinetiroda)Sztojka Attila korm\u00e1nybiztos (Bel\u00fcgyminiszt\u00e9rium)<\/p>","protected":false},"author":1,"featured_media":0,"comment_status":"closed","ping_status":"open","sticky":false,"template":"","format":"standard","meta":{"footnotes":""},"categories":[12],"tags":[],"class_list":["post-2523","post","type-post","status-publish","format-standard","hentry","category-az-orszaggyules-magyarorszagi-nemzetisegek-bizottsaga"],"yoast_head":"<!-- This site is optimized with the Yoast SEO plugin v25.8 - https:\/\/yoast.com\/wordpress\/plugins\/seo\/ -->\n<title>Magyarorsz\u00e1gi nemzetis\u00e9gek bizotts\u00e1ga 2023.04.18. \u00fcl\u00e9se - GIRICZ VERA<\/title>\n<meta name=\"robots\" content=\"index, follow, max-snippet:-1, max-image-preview:large, max-video-preview:-1\" \/>\n<link rel=\"canonical\" href=\"https:\/\/giriczvera.hu\/ru\/magyarorszagi-nemzetisegek-bizottsaga-2023-04-18-ulese\/\" \/>\n<meta property=\"og:locale\" content=\"ru_RU\" \/>\n<meta property=\"og:type\" content=\"article\" \/>\n<meta property=\"og:title\" content=\"Magyarorsz\u00e1gi nemzetis\u00e9gek bizotts\u00e1ga 2023.04.18. \u00fcl\u00e9se - GIRICZ VERA\" \/>\n<meta property=\"og:description\" content=\"Napirend: 1. A Magyarorsz\u00e1g ter\u00fclet\u00e9n \u00e9l\u0151 nemzetis\u00e9gek helyzet\u00e9r\u0151l (2019. janu\u00e1r \u2013 2020.december) c\u00edmmel beny\u00fajtott besz\u00e1mol\u00f3 (B\/2418. sz\u00e1m)(A bizotts\u00e1g \u00e1ll\u00e1sfoglal\u00e1s\u00e1nak kialak\u00edt\u00e1sa) 2. Egyes \u00e1llami tulajdon\u00fa vagyonelemek ingyenes tulajdonba ad\u00e1s\u00e1r\u00f3l sz\u00f3l\u00f3 t\u00f6rv\u00e9nyjavaslat (T\/3520. sz\u00e1m)(Vit\u00e1hoz kapcsol\u00f3d\u00f3 bizotts\u00e1g)El\u0151terjeszt\u0151 k\u00e9pviselet\u00e9ben megjelentek:Dr. F\u00fcrjes Zolt\u00e1n helyettes \u00e1llamtitk\u00e1r (Minisztereln\u00f6ks\u00e9g)D\u00f6m\u00f6t\u00f6r Csaba parlamenti \u00e1llamtitk\u00e1r (Minisztereln\u00f6ki Kabinetiroda)Sztojka Attila korm\u00e1nybiztos (Bel\u00fcgyminiszt\u00e9rium)\" \/>\n<meta property=\"og:url\" content=\"https:\/\/giriczvera.hu\/ru\/magyarorszagi-nemzetisegek-bizottsaga-2023-04-18-ulese\/\" \/>\n<meta property=\"og:site_name\" content=\"GIRICZ VERA\" \/>\n<meta property=\"article:published_time\" content=\"2023-09-14T23:11:19+00:00\" \/>\n<meta property=\"article:modified_time\" content=\"2024-12-02T23:25:20+00:00\" \/>\n<meta name=\"author\" content=\"tade\" \/>\n<meta name=\"twitter:card\" content=\"summary_large_image\" \/>\n<meta name=\"twitter:label1\" content=\"\u041d\u0430\u043f\u0438\u0441\u0430\u043d\u043e \u0430\u0432\u0442\u043e\u0440\u043e\u043c\" \/>\n\t<meta name=\"twitter:data1\" content=\"tade\" \/>\n\t<meta name=\"twitter:label2\" content=\"\u041f\u0440\u0438\u043c\u0435\u0440\u043d\u043e\u0435 \u0432\u0440\u0435\u043c\u044f \u0434\u043b\u044f \u0447\u0442\u0435\u043d\u0438\u044f\" \/>\n\t<meta name=\"twitter:data2\" content=\"1 \u043c\u0438\u043d\u0443\u0442\u0430\" \/>\n<script type=\"application\/ld+json\" class=\"yoast-schema-graph\">{\"@context\":\"https:\/\/schema.org\",\"@graph\":[{\"@type\":\"WebPage\",\"@id\":\"https:\/\/giriczvera.hu\/magyarorszagi-nemzetisegek-bizottsaga-2023-04-18-ulese\/\",\"url\":\"https:\/\/giriczvera.hu\/magyarorszagi-nemzetisegek-bizottsaga-2023-04-18-ulese\/\",\"name\":\"Magyarorsz\u00e1gi nemzetis\u00e9gek bizotts\u00e1ga 2023.04.18. \u00fcl\u00e9se - GIRICZ VERA\",\"isPartOf\":{\"@id\":\"https:\/\/giriczvera.hu\/#website\"},\"datePublished\":\"2023-09-14T23:11:19+00:00\",\"dateModified\":\"2024-12-02T23:25:20+00:00\",\"author\":{\"@id\":\"https:\/\/giriczvera.hu\/#\/schema\/person\/fbce5fb2968ea63b7884a668e47a6b32\"},\"breadcrumb\":{\"@id\":\"https:\/\/giriczvera.hu\/magyarorszagi-nemzetisegek-bizottsaga-2023-04-18-ulese\/#breadcrumb\"},\"inLanguage\":\"ru-RU\",\"potentialAction\":[{\"@type\":\"ReadAction\",\"target\":[\"https:\/\/giriczvera.hu\/magyarorszagi-nemzetisegek-bizottsaga-2023-04-18-ulese\/\"]}]},{\"@type\":\"BreadcrumbList\",\"@id\":\"https:\/\/giriczvera.hu\/magyarorszagi-nemzetisegek-bizottsaga-2023-04-18-ulese\/#breadcrumb\",\"itemListElement\":[{\"@type\":\"ListItem\",\"position\":1,\"name\":\"Kezd\u0151lap\",\"item\":\"https:\/\/giriczvera.hu\/\"},{\"@type\":\"ListItem\",\"position\":2,\"name\":\"Magyarorsz\u00e1gi nemzetis\u00e9gek bizotts\u00e1ga 2023.04.18. \u00fcl\u00e9se\"}]},{\"@type\":\"WebSite\",\"@id\":\"https:\/\/giriczvera.hu\/#website\",\"url\":\"https:\/\/giriczvera.hu\/\",\"name\":\"GIRICZ VERA\",\"description\":\"ruszin nemzetis\u00e9gi sz\u00f3sz\u00f3l\u00f3\",\"potentialAction\":[{\"@type\":\"SearchAction\",\"target\":{\"@type\":\"EntryPoint\",\"urlTemplate\":\"https:\/\/giriczvera.hu\/?s={search_term_string}\"},\"query-input\":{\"@type\":\"PropertyValueSpecification\",\"valueRequired\":true,\"valueName\":\"search_term_string\"}}],\"inLanguage\":\"ru-RU\"},{\"@type\":\"Person\",\"@id\":\"https:\/\/giriczvera.hu\/#\/schema\/person\/fbce5fb2968ea63b7884a668e47a6b32\",\"name\":\"tade\",\"sameAs\":[\"https:\/\/giriczvera.hu\"],\"url\":\"https:\/\/giriczvera.hu\/ru\/author\/tade\/\"}]}<\/script>\n<!-- \/ Yoast SEO plugin. -->","yoast_head_json":{"title":"Magyarorsz\u00e1gi nemzetis\u00e9gek bizotts\u00e1ga 2023.04.18. \u00fcl\u00e9se - GIRICZ VERA","robots":{"index":"index","follow":"follow","max-snippet":"max-snippet:-1","max-image-preview":"max-image-preview:large","max-video-preview":"max-video-preview:-1"},"canonical":"https:\/\/giriczvera.hu\/ru\/magyarorszagi-nemzetisegek-bizottsaga-2023-04-18-ulese\/","og_locale":"ru_RU","og_type":"article","og_title":"Magyarorsz\u00e1gi nemzetis\u00e9gek bizotts\u00e1ga 2023.04.18. \u00fcl\u00e9se - GIRICZ VERA","og_description":"Napirend: 1. A Magyarorsz\u00e1g ter\u00fclet\u00e9n \u00e9l\u0151 nemzetis\u00e9gek helyzet\u00e9r\u0151l (2019. janu\u00e1r \u2013 2020.december) c\u00edmmel beny\u00fajtott besz\u00e1mol\u00f3 (B\/2418. sz\u00e1m)(A bizotts\u00e1g \u00e1ll\u00e1sfoglal\u00e1s\u00e1nak kialak\u00edt\u00e1sa) 2. Egyes \u00e1llami tulajdon\u00fa vagyonelemek ingyenes tulajdonba ad\u00e1s\u00e1r\u00f3l sz\u00f3l\u00f3 t\u00f6rv\u00e9nyjavaslat (T\/3520. sz\u00e1m)(Vit\u00e1hoz kapcsol\u00f3d\u00f3 bizotts\u00e1g)El\u0151terjeszt\u0151 k\u00e9pviselet\u00e9ben megjelentek:Dr. F\u00fcrjes Zolt\u00e1n helyettes \u00e1llamtitk\u00e1r (Minisztereln\u00f6ks\u00e9g)D\u00f6m\u00f6t\u00f6r Csaba parlamenti \u00e1llamtitk\u00e1r (Minisztereln\u00f6ki Kabinetiroda)Sztojka Attila korm\u00e1nybiztos (Bel\u00fcgyminiszt\u00e9rium)","og_url":"https:\/\/giriczvera.hu\/ru\/magyarorszagi-nemzetisegek-bizottsaga-2023-04-18-ulese\/","og_site_name":"GIRICZ VERA","article_published_time":"2023-09-14T23:11:19+00:00","article_modified_time":"2024-12-02T23:25:20+00:00","author":"tade","twitter_card":"summary_large_image","twitter_misc":{"\u041d\u0430\u043f\u0438\u0441\u0430\u043d\u043e \u0430\u0432\u0442\u043e\u0440\u043e\u043c":"tade","\u041f\u0440\u0438\u043c\u0435\u0440\u043d\u043e\u0435 \u0432\u0440\u0435\u043c\u044f \u0434\u043b\u044f \u0447\u0442\u0435\u043d\u0438\u044f":"1 \u043c\u0438\u043d\u0443\u0442\u0430"},"schema":{"@context":"https:\/\/schema.org","@graph":[{"@type":"WebPage","@id":"https:\/\/giriczvera.hu\/magyarorszagi-nemzetisegek-bizottsaga-2023-04-18-ulese\/","url":"https:\/\/giriczvera.hu\/magyarorszagi-nemzetisegek-bizottsaga-2023-04-18-ulese\/","name":"Magyarorsz\u00e1gi nemzetis\u00e9gek bizotts\u00e1ga 2023.04.18. \u00fcl\u00e9se - GIRICZ VERA","isPartOf":{"@id":"https:\/\/giriczvera.hu\/#website"},"datePublished":"2023-09-14T23:11:19+00:00","dateModified":"2024-12-02T23:25:20+00:00","author":{"@id":"https:\/\/giriczvera.hu\/#\/schema\/person\/fbce5fb2968ea63b7884a668e47a6b32"},"breadcrumb":{"@id":"https:\/\/giriczvera.hu\/magyarorszagi-nemzetisegek-bizottsaga-2023-04-18-ulese\/#breadcrumb"},"inLanguage":"ru-RU","potentialAction":[{"@type":"ReadAction","target":["https:\/\/giriczvera.hu\/magyarorszagi-nemzetisegek-bizottsaga-2023-04-18-ulese\/"]}]},{"@type":"BreadcrumbList","@id":"https:\/\/giriczvera.hu\/magyarorszagi-nemzetisegek-bizottsaga-2023-04-18-ulese\/#breadcrumb","itemListElement":[{"@type":"ListItem","position":1,"name":"Kezd\u0151lap","item":"https:\/\/giriczvera.hu\/"},{"@type":"ListItem","position":2,"name":"Magyarorsz\u00e1gi nemzetis\u00e9gek bizotts\u00e1ga 2023.04.18. \u00fcl\u00e9se"}]},{"@type":"WebSite","@id":"https:\/\/giriczvera.hu\/#website","url":"https:\/\/giriczvera.hu\/","name":"\u0412\u0406\u0420\u0410 \u0490\u0406\u0420\u0406\u0426","description":"\u043f\u043e\u0441\u043b\u0430\u043d\u0438\u043a \u0420\u0443\u0441\u0438\u043d\u0443\u0432 \u0443 \u041f\u0430\u0440\u043b\u0430\u043c\u0435\u043d\u0442\u0457","potentialAction":[{"@type":"SearchAction","target":{"@type":"EntryPoint","urlTemplate":"https:\/\/giriczvera.hu\/?s={search_term_string}"},"query-input":{"@type":"PropertyValueSpecification","valueRequired":true,"valueName":"search_term_string"}}],"inLanguage":"ru-RU"},{"@type":"Person","@id":"https:\/\/giriczvera.hu\/#\/schema\/person\/fbce5fb2968ea63b7884a668e47a6b32","name":"tade","sameAs":["https:\/\/giriczvera.hu"],"url":"https:\/\/giriczvera.hu\/ru\/author\/tade\/"}]}},"_links":{"self":[{"href":"https:\/\/giriczvera.hu\/ru\/wp-json\/wp\/v2\/posts\/2523","targetHints":{"allow":["GET"]}}],"collection":[{"href":"https:\/\/giriczvera.hu\/ru\/wp-json\/wp\/v2\/posts"}],"about":[{"href":"https:\/\/giriczvera.hu\/ru\/wp-json\/wp\/v2\/types\/post"}],"author":[{"embeddable":true,"href":"https:\/\/giriczvera.hu\/ru\/wp-json\/wp\/v2\/users\/1"}],"replies":[{"embeddable":true,"href":"https:\/\/giriczvera.hu\/ru\/wp-json\/wp\/v2\/comments?post=2523"}],"version-history":[{"count":3,"href":"https:\/\/giriczvera.hu\/ru\/wp-json\/wp\/v2\/posts\/2523\/revisions"}],"predecessor-version":[{"id":3547,"href":"https:\/\/giriczvera.hu\/ru\/wp-json\/wp\/v2\/posts\/2523\/revisions\/3547"}],"wp:attachment":[{"href":"https:\/\/giriczvera.hu\/ru\/wp-json\/wp\/v2\/media?parent=2523"}],"wp:term":[{"taxonomy":"category","embeddable":true,"href":"https:\/\/giriczvera.hu\/ru\/wp-json\/wp\/v2\/categories?post=2523"},{"taxonomy":"post_tag","embeddable":true,"href":"https:\/\/giriczvera.hu\/ru\/wp-json\/wp\/v2\/tags?post=2523"}],"curies":[{"name":"wp","href":"https:\/\/api.w.org\/{rel}","templated":true}]}}